{"id":626,"date":"2015-11-08T20:49:59","date_gmt":"2015-11-08T18:49:59","guid":{"rendered":"http:\/\/makerspace-rheinfelden.ch\/blog\/?p=626"},"modified":"2015-11-08T20:49:59","modified_gmt":"2015-11-08T18:49:59","slug":"fablab-is-growing-up","status":"publish","type":"post","link":"https:\/\/makerspace-rheinfelden.ch\/blog\/2015\/11\/fablab-is-growing-up\/","title":{"rendered":"FabLab is growing-up"},"content":{"rendered":"<p>Liebe BesucherInnen<\/p>\n<p>Das FabLab kommt so richtig in die G\u00e4nge. Am letzten Samstag den 7.11.2015 wurde in unserem Makerspace so richtig gewerkt. Jung und alt hat sich im FabLab versammelt und in die Projekte vertieft.\u00a0Die Jungmannschaft entwickelt\u00a0einen neuen Marsrover, die Jungs an der CNC-Fr\u00e4se justieren die vierte Achse, damit man dann auch dem Raupenfahrzeug die passenden Finken anziehen kann.<\/p>\n<p>An der CAD-Station haben wir eine dreidimensionale IGS-Datei, zweidimensionalisiert. Anschliessend haben wir sie als Proof of Concept durch eine CAM-Software geschleust und w\u00e4ren nun parat, diese zu fr\u00e4sen. Auch mit dem Architekten verzeichnen\u00a0wir Fortschritte. Es geht darum, Buchstaben aus Hartholz zu Fr\u00e4sen. Wir bestellen demn\u00e4chst einen neuen Fr\u00e4ser um Resultate wie das hier zu erzielen.<\/p>\n<p><a href=\"http:\/\/makerspace-rheinfelden.ch\/blog\/wp-content\/uploads\/2015\/11\/IMG_3449.jpg\" rel=\"lightbox[626]\"><img loading=\"lazy\" width=\"250\" height=\"188\" class=\"alignnone size-medium wp-image-634\" src=\"http:\/\/makerspace-rheinfelden.ch\/blog\/wp-content\/uploads\/2015\/11\/IMG_3449-250x188.jpg\" alt=\"IMG_3449\" srcset=\"https:\/\/makerspace-rheinfelden.ch\/blog\/wp-content\/uploads\/2015\/11\/IMG_3449-250x188.jpg 250w, https:\/\/makerspace-rheinfelden.ch\/blog\/wp-content\/uploads\/2015\/11\/IMG_3449-700x525.jpg 700w, https:\/\/makerspace-rheinfelden.ch\/blog\/wp-content\/uploads\/2015\/11\/IMG_3449-120x90.jpg 120w\" sizes=\"(max-width: 250px) 100vw, 250px\" \/><\/a><\/p>\n<p><!--more--><\/p>\n<p>Hey, es macht Spass! Wir haben jeden Samstag von 09:00 Uhr bis 16:00 Uhr die\u00a0T\u00fcren ge\u00f6ffnet und freuen uns auf eure kreativen Projekte.<\/p>\n<p><a href=\"http:\/\/makerspace-rheinfelden.ch\/blog\/wp-content\/uploads\/2015\/11\/IMG_3461.jpg\" rel=\"lightbox[626]\"><img loading=\"lazy\" width=\"250\" height=\"188\" class=\"alignnone size-medium wp-image-627\" src=\"http:\/\/makerspace-rheinfelden.ch\/blog\/wp-content\/uploads\/2015\/11\/IMG_3461-250x188.jpg\" alt=\"IMG_3461\" srcset=\"https:\/\/makerspace-rheinfelden.ch\/blog\/wp-content\/uploads\/2015\/11\/IMG_3461-250x188.jpg 250w, https:\/\/makerspace-rheinfelden.ch\/blog\/wp-content\/uploads\/2015\/11\/IMG_3461-700x525.jpg 700w, https:\/\/makerspace-rheinfelden.ch\/blog\/wp-content\/uploads\/2015\/11\/IMG_3461-120x90.jpg 120w\" sizes=\"(max-width: 250px) 100vw, 250px\" \/><\/a> \u00a0<a href=\"http:\/\/makerspace-rheinfelden.ch\/blog\/wp-content\/uploads\/2015\/11\/IMG_3457.jpg\" rel=\"lightbox[626]\"><img loading=\"lazy\" width=\"250\" height=\"188\" class=\"alignnone size-medium wp-image-629\" src=\"http:\/\/makerspace-rheinfelden.ch\/blog\/wp-content\/uploads\/2015\/11\/IMG_3457-250x188.jpg\" alt=\"IMG_3457\" srcset=\"https:\/\/makerspace-rheinfelden.ch\/blog\/wp-content\/uploads\/2015\/11\/IMG_3457-250x188.jpg 250w, https:\/\/makerspace-rheinfelden.ch\/blog\/wp-content\/uploads\/2015\/11\/IMG_3457-700x525.jpg 700w, https:\/\/makerspace-rheinfelden.ch\/blog\/wp-content\/uploads\/2015\/11\/IMG_3457-120x90.jpg 120w\" sizes=\"(max-width: 250px) 100vw, 250px\" \/><\/a> <a href=\"http:\/\/makerspace-rheinfelden.ch\/blog\/wp-content\/uploads\/2015\/11\/IMG_3458.jpg\" rel=\"lightbox[626]\"><img loading=\"lazy\" width=\"250\" height=\"188\" class=\"alignnone size-medium wp-image-630\" src=\"http:\/\/makerspace-rheinfelden.ch\/blog\/wp-content\/uploads\/2015\/11\/IMG_3458-250x188.jpg\" alt=\"IMG_3458\" srcset=\"https:\/\/makerspace-rheinfelden.ch\/blog\/wp-content\/uploads\/2015\/11\/IMG_3458-250x188.jpg 250w, https:\/\/makerspace-rheinfelden.ch\/blog\/wp-content\/uploads\/2015\/11\/IMG_3458-700x525.jpg 700w, https:\/\/makerspace-rheinfelden.ch\/blog\/wp-content\/uploads\/2015\/11\/IMG_3458-120x90.jpg 120w\" sizes=\"(max-width: 250px) 100vw, 250px\" \/><\/a><\/p>\n<p><a href=\"http:\/\/makerspace-rheinfelden.ch\/blog\/wp-content\/uploads\/2015\/11\/IMG_3448.jpg\" rel=\"lightbox[626]\"><img loading=\"lazy\" width=\"250\" height=\"188\" class=\"alignnone size-medium wp-image-632\" src=\"http:\/\/makerspace-rheinfelden.ch\/blog\/wp-content\/uploads\/2015\/11\/IMG_3448-250x188.jpg\" alt=\"IMG_3448\" srcset=\"https:\/\/makerspace-rheinfelden.ch\/blog\/wp-content\/uploads\/2015\/11\/IMG_3448-250x188.jpg 250w, https:\/\/makerspace-rheinfelden.ch\/blog\/wp-content\/uploads\/2015\/11\/IMG_3448-700x525.jpg 700w, https:\/\/makerspace-rheinfelden.ch\/blog\/wp-content\/uploads\/2015\/11\/IMG_3448-120x90.jpg 120w\" sizes=\"(max-width: 250px) 100vw, 250px\" \/><\/a> <a href=\"http:\/\/makerspace-rheinfelden.ch\/blog\/wp-content\/uploads\/2015\/11\/IMG_3446.jpg\" rel=\"lightbox[626]\"><img loading=\"lazy\" width=\"250\" height=\"188\" class=\"alignnone size-medium wp-image-633\" src=\"http:\/\/makerspace-rheinfelden.ch\/blog\/wp-content\/uploads\/2015\/11\/IMG_3446-250x188.jpg\" alt=\"IMG_3446\" srcset=\"https:\/\/makerspace-rheinfelden.ch\/blog\/wp-content\/uploads\/2015\/11\/IMG_3446-250x188.jpg 250w, https:\/\/makerspace-rheinfelden.ch\/blog\/wp-content\/uploads\/2015\/11\/IMG_3446-700x525.jpg 700w, https:\/\/makerspace-rheinfelden.ch\/blog\/wp-content\/uploads\/2015\/11\/IMG_3446-120x90.jpg 120w\" sizes=\"(max-width: 250px) 100vw, 250px\" \/><\/a> <a href=\"http:\/\/makerspace-rheinfelden.ch\/blog\/wp-content\/uploads\/2015\/11\/IMG_3450.jpg\" rel=\"lightbox[626]\"><img loading=\"lazy\" width=\"250\" height=\"188\" class=\"alignnone size-medium wp-image-631\" src=\"http:\/\/makerspace-rheinfelden.ch\/blog\/wp-content\/uploads\/2015\/11\/IMG_3450-250x188.jpg\" alt=\"IMG_3450\" srcset=\"https:\/\/makerspace-rheinfelden.ch\/blog\/wp-content\/uploads\/2015\/11\/IMG_3450-250x188.jpg 250w, https:\/\/makerspace-rheinfelden.ch\/blog\/wp-content\/uploads\/2015\/11\/IMG_3450-700x525.jpg 700w, https:\/\/makerspace-rheinfelden.ch\/blog\/wp-content\/uploads\/2015\/11\/IMG_3450-120x90.jpg 120w\" sizes=\"(max-width: 250px) 100vw, 250px\" \/><\/a><\/p>\n","protected":false},"excerpt":{"rendered":"Liebe BesucherInnen Das FabLab kommt so richtig in die G\u00e4nge. Am letzten Samstag den 7.11.2015 wurde in unserem Makerspace so richtig gewerkt. Jung und alt hat sich im FabLab versammelt und in die Projekte vertieft.\u00a0Die Jungmannschaft entwickelt\u00a0einen neuen Marsrover, die Jungs an der CNC-Fr\u00e4se justieren die vierte Achse, damit man dann auch dem Raupenfahrzeug die&#8230; <br \/><br \/><a class=\"view-article\" href=\"https:\/\/makerspace-rheinfelden.ch\/blog\/2015\/11\/fablab-is-growing-up\/\">Weiterlesen \u2192<\/a>","protected":false},"author":3,"featured_media":628,"comment_status":"open","ping_status":"open","sticky":false,"template":"","format":"standard","meta":[],"categories":[2],"tags":[],"yoast_head":"<!-- This site is optimized with the Yoast SEO plugin v17.0 - https:\/\/yoast.com\/wordpress\/plugins\/seo\/ -->\n<meta name=\"robots\" content=\"noindex, follow, max-snippet:-1, max-image-preview:large, max-video-preview:-1\" \/>\n<meta property=\"og:locale\" content=\"de_DE\" \/>\n<meta property=\"og:type\" content=\"article\" \/>\n<meta property=\"og:title\" content=\"FabLab is growing-up - Makerspace FabLab Rheinfelden\" \/>\n<meta property=\"og:description\" content=\"Liebe BesucherInnen Das FabLab kommt so richtig in die G\u00e4nge. Am letzten Samstag den 7.11.2015 wurde in unserem Makerspace so richtig gewerkt. Jung und alt hat sich im FabLab versammelt und in die Projekte vertieft.\u00a0Die Jungmannschaft entwickelt\u00a0einen neuen Marsrover, die Jungs an der CNC-Fr\u00e4se justieren die vierte Achse, damit man dann auch dem Raupenfahrzeug die... Weiterlesen \u2192\" \/>\n<meta property=\"og:url\" content=\"https:\/\/makerspace-rheinfelden.ch\/blog\/2015\/11\/fablab-is-growing-up\/\" \/>\n<meta property=\"og:site_name\" content=\"Makerspace FabLab Rheinfelden\" \/>\n<meta property=\"article:published_time\" content=\"2015-11-08T18:49:59+00:00\" \/>\n<meta property=\"og:image\" content=\"https:\/\/makerspace-rheinfelden.ch\/blog\/wp-content\/uploads\/2015\/11\/IMG_3454.jpg\" \/>\n\t<meta property=\"og:image:width\" content=\"3264\" \/>\n\t<meta property=\"og:image:height\" content=\"2448\" \/>\n<meta name=\"twitter:card\" content=\"summary\" \/>\n<meta name=\"twitter:label1\" content=\"Verfasst von\" \/>\n\t<meta name=\"twitter:data1\" content=\"Claus Pfisterer\" \/>\n\t<meta name=\"twitter:label2\" content=\"Gesch\u00e4tzte Lesezeit\" \/>\n\t<meta name=\"twitter:data2\" content=\"1\u00a0Minute\" \/>\n<script type=\"application\/ld+json\" class=\"yoast-schema-graph\">{\"@context\":\"https:\/\/schema.org\",\"@graph\":[{\"@type\":\"WebSite\",\"@id\":\"https:\/\/makerspace-rheinfelden.ch\/blog\/#website\",\"url\":\"https:\/\/makerspace-rheinfelden.ch\/blog\/\",\"name\":\"Makerspace FabLab Rheinfelden\",\"description\":\"Webseite des Vereins Makerspace Fablab Rheinfelden\",\"potentialAction\":[{\"@type\":\"SearchAction\",\"target\":{\"@type\":\"EntryPoint\",\"urlTemplate\":\"https:\/\/makerspace-rheinfelden.ch\/blog\/?s={search_term_string}\"},\"query-input\":\"required name=search_term_string\"}],\"inLanguage\":\"de\"},{\"@type\":\"ImageObject\",\"@id\":\"https:\/\/makerspace-rheinfelden.ch\/blog\/2015\/11\/fablab-is-growing-up\/#primaryimage\",\"inLanguage\":\"de\",\"url\":\"https:\/\/makerspace-rheinfelden.ch\/blog\/wp-content\/uploads\/2015\/11\/IMG_3454.jpg\",\"contentUrl\":\"https:\/\/makerspace-rheinfelden.ch\/blog\/wp-content\/uploads\/2015\/11\/IMG_3454.jpg\",\"width\":3264,\"height\":2448},{\"@type\":\"WebPage\",\"@id\":\"https:\/\/makerspace-rheinfelden.ch\/blog\/2015\/11\/fablab-is-growing-up\/#webpage\",\"url\":\"https:\/\/makerspace-rheinfelden.ch\/blog\/2015\/11\/fablab-is-growing-up\/\",\"name\":\"FabLab is growing-up - Makerspace FabLab Rheinfelden\",\"isPartOf\":{\"@id\":\"https:\/\/makerspace-rheinfelden.ch\/blog\/#website\"},\"primaryImageOfPage\":{\"@id\":\"https:\/\/makerspace-rheinfelden.ch\/blog\/2015\/11\/fablab-is-growing-up\/#primaryimage\"},\"datePublished\":\"2015-11-08T18:49:59+00:00\",\"dateModified\":\"2015-11-08T18:49:59+00:00\",\"author\":{\"@id\":\"https:\/\/makerspace-rheinfelden.ch\/blog\/#\/schema\/person\/991f32756f69f0f03158c865818d6603\"},\"breadcrumb\":{\"@id\":\"https:\/\/makerspace-rheinfelden.ch\/blog\/2015\/11\/fablab-is-growing-up\/#breadcrumb\"},\"inLanguage\":\"de\",\"potentialAction\":[{\"@type\":\"ReadAction\",\"target\":[\"https:\/\/makerspace-rheinfelden.ch\/blog\/2015\/11\/fablab-is-growing-up\/\"]}]},{\"@type\":\"BreadcrumbList\",\"@id\":\"https:\/\/makerspace-rheinfelden.ch\/blog\/2015\/11\/fablab-is-growing-up\/#breadcrumb\",\"itemListElement\":[{\"@type\":\"ListItem\",\"position\":1,\"name\":\"Startseite\",\"item\":\"https:\/\/makerspace-rheinfelden.ch\/blog\/\"},{\"@type\":\"ListItem\",\"position\":2,\"name\":\"FabLab is growing-up\"}]},{\"@type\":\"Person\",\"@id\":\"https:\/\/makerspace-rheinfelden.ch\/blog\/#\/schema\/person\/991f32756f69f0f03158c865818d6603\",\"name\":\"Claus Pfisterer\",\"image\":{\"@type\":\"ImageObject\",\"@id\":\"https:\/\/makerspace-rheinfelden.ch\/blog\/#personlogo\",\"inLanguage\":\"de\",\"url\":\"https:\/\/makerspace-rheinfelden.ch\/blog\/wp-content\/uploads\/2015\/08\/Claus_sw-120x120.jpg\",\"contentUrl\":\"https:\/\/makerspace-rheinfelden.ch\/blog\/wp-content\/uploads\/2015\/08\/Claus_sw-120x120.jpg\",\"caption\":\"Claus Pfisterer\"},\"sameAs\":[\"http:\/\/www.apochroma.ch\"],\"url\":\"https:\/\/makerspace-rheinfelden.ch\/blog\/author\/cdp\/\"}]}<\/script>\n<!-- \/ Yoast SEO plugin. -->","yoast_head_json":{"robots":{"index":"noindex","follow":"follow","max-snippet":"max-snippet:-1","max-image-preview":"max-image-preview:large","max-video-preview":"max-video-preview:-1"},"og_locale":"de_DE","og_type":"article","og_title":"FabLab is growing-up - Makerspace FabLab Rheinfelden","og_description":"Liebe BesucherInnen Das FabLab kommt so richtig in die G\u00e4nge. Am letzten Samstag den 7.11.2015 wurde in unserem Makerspace so richtig gewerkt. Jung und alt hat sich im FabLab versammelt und in die Projekte vertieft.\u00a0Die Jungmannschaft entwickelt\u00a0einen neuen Marsrover, die Jungs an der CNC-Fr\u00e4se justieren die vierte Achse, damit man dann auch dem Raupenfahrzeug die... Weiterlesen \u2192","og_url":"https:\/\/makerspace-rheinfelden.ch\/blog\/2015\/11\/fablab-is-growing-up\/","og_site_name":"Makerspace FabLab Rheinfelden","article_published_time":"2015-11-08T18:49:59+00:00","og_image":[{"width":3264,"height":2448,"url":"https:\/\/makerspace-rheinfelden.ch\/blog\/wp-content\/uploads\/2015\/11\/IMG_3454.jpg","path":"\/home\/httpd\/vhosts\/makerspace-rheinfelden.ch\/httpdocs\/blog\/wp-content\/uploads\/2015\/11\/IMG_3454.jpg","size":"full","id":628,"alt":"","pixels":7990272,"type":"image\/jpeg"}],"twitter_card":"summary","twitter_misc":{"Verfasst von":"Claus Pfisterer","Gesch\u00e4tzte Lesezeit":"1\u00a0Minute"},"schema":{"@context":"https:\/\/schema.org","@graph":[{"@type":"WebSite","@id":"https:\/\/makerspace-rheinfelden.ch\/blog\/#website","url":"https:\/\/makerspace-rheinfelden.ch\/blog\/","name":"Makerspace FabLab Rheinfelden","description":"Webseite des Vereins Makerspace Fablab Rheinfelden","potentialAction":[{"@type":"SearchAction","target":{"@type":"EntryPoint","urlTemplate":"https:\/\/makerspace-rheinfelden.ch\/blog\/?s={search_term_string}"},"query-input":"required name=search_term_string"}],"inLanguage":"de"},{"@type":"ImageObject","@id":"https:\/\/makerspace-rheinfelden.ch\/blog\/2015\/11\/fablab-is-growing-up\/#primaryimage","inLanguage":"de","url":"https:\/\/makerspace-rheinfelden.ch\/blog\/wp-content\/uploads\/2015\/11\/IMG_3454.jpg","contentUrl":"https:\/\/makerspace-rheinfelden.ch\/blog\/wp-content\/uploads\/2015\/11\/IMG_3454.jpg","width":3264,"height":2448},{"@type":"WebPage","@id":"https:\/\/makerspace-rheinfelden.ch\/blog\/2015\/11\/fablab-is-growing-up\/#webpage","url":"https:\/\/makerspace-rheinfelden.ch\/blog\/2015\/11\/fablab-is-growing-up\/","name":"FabLab is growing-up - Makerspace FabLab Rheinfelden","isPartOf":{"@id":"https:\/\/makerspace-rheinfelden.ch\/blog\/#website"},"primaryImageOfPage":{"@id":"https:\/\/makerspace-rheinfelden.ch\/blog\/2015\/11\/fablab-is-growing-up\/#primaryimage"},"datePublished":"2015-11-08T18:49:59+00:00","dateModified":"2015-11-08T18:49:59+00:00","author":{"@id":"https:\/\/makerspace-rheinfelden.ch\/blog\/#\/schema\/person\/991f32756f69f0f03158c865818d6603"},"breadcrumb":{"@id":"https:\/\/makerspace-rheinfelden.ch\/blog\/2015\/11\/fablab-is-growing-up\/#breadcrumb"},"inLanguage":"de","potentialAction":[{"@type":"ReadAction","target":["https:\/\/makerspace-rheinfelden.ch\/blog\/2015\/11\/fablab-is-growing-up\/"]}]},{"@type":"BreadcrumbList","@id":"https:\/\/makerspace-rheinfelden.ch\/blog\/2015\/11\/fablab-is-growing-up\/#breadcrumb","itemListElement":[{"@type":"ListItem","position":1,"name":"Startseite","item":"https:\/\/makerspace-rheinfelden.ch\/blog\/"},{"@type":"ListItem","position":2,"name":"FabLab is growing-up"}]},{"@type":"Person","@id":"https:\/\/makerspace-rheinfelden.ch\/blog\/#\/schema\/person\/991f32756f69f0f03158c865818d6603","name":"Claus Pfisterer","image":{"@type":"ImageObject","@id":"https:\/\/makerspace-rheinfelden.ch\/blog\/#personlogo","inLanguage":"de","url":"https:\/\/makerspace-rheinfelden.ch\/blog\/wp-content\/uploads\/2015\/08\/Claus_sw-120x120.jpg","contentUrl":"https:\/\/makerspace-rheinfelden.ch\/blog\/wp-content\/uploads\/2015\/08\/Claus_sw-120x120.jpg","caption":"Claus Pfisterer"},"sameAs":["http:\/\/www.apochroma.ch"],"url":"https:\/\/makerspace-rheinfelden.ch\/blog\/author\/cdp\/"}]}},"_links":{"self":[{"href":"https:\/\/makerspace-rheinfelden.ch\/blog\/wp-json\/wp\/v2\/posts\/626"}],"collection":[{"href":"https:\/\/makerspace-rheinfelden.ch\/blog\/wp-json\/wp\/v2\/posts"}],"about":[{"href":"https:\/\/makerspace-rheinfelden.ch\/blog\/wp-json\/wp\/v2\/types\/post"}],"author":[{"embeddable":true,"href":"https:\/\/makerspace-rheinfelden.ch\/blog\/wp-json\/wp\/v2\/users\/3"}],"replies":[{"embeddable":true,"href":"https:\/\/makerspace-rheinfelden.ch\/blog\/wp-json\/wp\/v2\/comments?post=626"}],"version-history":[{"count":2,"href":"https:\/\/makerspace-rheinfelden.ch\/blog\/wp-json\/wp\/v2\/posts\/626\/revisions"}],"predecessor-version":[{"id":636,"href":"https:\/\/makerspace-rheinfelden.ch\/blog\/wp-json\/wp\/v2\/posts\/626\/revisions\/636"}],"wp:featuredmedia":[{"embeddable":true,"href":"https:\/\/makerspace-rheinfelden.ch\/blog\/wp-json\/wp\/v2\/media\/628"}],"wp:attachment":[{"href":"https:\/\/makerspace-rheinfelden.ch\/blog\/wp-json\/wp\/v2\/media?parent=626"}],"wp:term":[{"taxonomy":"category","embeddable":true,"href":"https:\/\/makerspace-rheinfelden.ch\/blog\/wp-json\/wp\/v2\/categories?post=626"},{"taxonomy":"post_tag","embeddable":true,"href":"https:\/\/makerspace-rheinfelden.ch\/blog\/wp-json\/wp\/v2\/tags?post=626"}],"curies":[{"name":"wp","href":"https:\/\/api.w.org\/{rel}","templated":true}]}}