{"id":500,"date":"2015-09-20T21:25:23","date_gmt":"2015-09-20T19:25:23","guid":{"rendered":"http:\/\/makerspace-rheinfelden.ch\/blog\/?p=500"},"modified":"2015-09-27T18:52:39","modified_gmt":"2015-09-27T16:52:39","slug":"umzug-in-die-neue-werkstatt","status":"publish","type":"post","link":"https:\/\/makerspace-rheinfelden.ch\/blog\/2015\/09\/umzug-in-die-neue-werkstatt\/","title":{"rendered":"Umzug in die neue Werkstatt"},"content":{"rendered":"<div class=\"primary content\">\n<p>Letzten Samstag haben wir unsere Sachen gepackt und die neue Werkstatt am Weidenweig in Rheinfelden bezogen&#8230;<\/p>\n<p><!--more--><\/p>\n<p>&nbsp;<\/p>\n<\/div>\n<div class=\"swiper-container imageshow\">\n<div class=\"swiper-wrapper\">\n<div class=\"swiper-slide swiper-slide-duplicate\"><img loading=\"lazy\" class=\"landscape\" src=\"https:\/\/wemakeit.com\/media\/cache\/8\/0\/52608\/648x486-fit.648x432.jpeg\" alt=\"\" width=\"302\" height=\"201\" \/><img loading=\"lazy\" class=\"landscape\" src=\"https:\/\/wemakeit.com\/media\/cache\/8\/2\/52610\/648x486-fit.648x432.jpeg\" alt=\"\" width=\"302\" height=\"201\" \/><img loading=\"lazy\" class=\"landscape\" src=\"https:\/\/wemakeit.com\/media\/cache\/8\/3\/52611\/648x486-fit.648x432.jpeg\" alt=\"\" width=\"303\" height=\"202\" \/><\/div>\n<\/div>\n<div class=\"captions\"><\/div>\n<div class=\"captions\">Die neuen R\u00e4umlichkeiten begeistern: gute Lage, bestens mit Auto und Bus zu erreichen. Grosse, helle R\u00e4ume mit grossz\u00fcgigem Zugang vom Parkplatz mit Hebeb\u00fchne. Und nicht unwesentlich \u2013 ein Tankstellenshop f\u00fcr das leibliche Wohl in unmittelbarer N\u00e4he.<\/div>\n<div class=\"captions\"><\/div>\n<\/div>\n<div class=\"swiper-container imageshow\">\n<div class=\"swiper-wrapper\">\n<div class=\"swiper-slide swiper-slide-duplicate\"><img loading=\"lazy\" class=\"landscape\" src=\"https:\/\/wemakeit.com\/media\/cache\/8\/8\/52616\/648x486-fit.648x432.jpeg\" alt=\"\" width=\"302\" height=\"201\" \/><img loading=\"lazy\" class=\"landscape\" src=\"https:\/\/wemakeit.com\/media\/cache\/8\/6\/52614\/648x486-fit.648x432.jpeg\" alt=\"\" width=\"302\" height=\"201\" \/><img loading=\"lazy\" class=\"landscape\" src=\"https:\/\/wemakeit.com\/media\/cache\/8\/7\/52615\/648x486-fit.648x432.jpeg\" alt=\"\" width=\"302\" height=\"201\" \/><\/div>\n<\/div>\n<div class=\"captions\"><\/div>\n<div class=\"captions\">Bis alles steht und l\u00e4uft gibt es nun aber noch viel zu tun. Maschinen stellen und anschliessen, Computer bereitstellen und vernetzen, Material einr\u00e4umen und nat\u00fcrlich auch wichtig, die Aufenthaltsecke einrichten \ud83d\ude42<\/div>\n<\/div>\n","protected":false},"excerpt":{"rendered":"Letzten Samstag haben wir unsere Sachen gepackt und die neue Werkstatt am Weidenweig in Rheinfelden bezogen&#8230;","protected":false},"author":3,"featured_media":507,"comment_status":"open","ping_status":"open","sticky":false,"template":"","format":"standard","meta":[],"categories":[2],"tags":[17,16],"yoast_head":"<!-- This site is optimized with the Yoast SEO plugin v17.0 - https:\/\/yoast.com\/wordpress\/plugins\/seo\/ -->\n<meta name=\"robots\" content=\"noindex, follow, max-snippet:-1, max-image-preview:large, max-video-preview:-1\" \/>\n<meta property=\"og:locale\" content=\"de_DE\" \/>\n<meta property=\"og:type\" content=\"article\" \/>\n<meta property=\"og:title\" content=\"Umzug in die neue Werkstatt - Makerspace FabLab Rheinfelden\" \/>\n<meta property=\"og:description\" content=\"Letzten Samstag haben wir unsere Sachen gepackt und die neue Werkstatt am Weidenweig in Rheinfelden bezogen&#8230;\" \/>\n<meta property=\"og:url\" content=\"https:\/\/makerspace-rheinfelden.ch\/blog\/2015\/09\/umzug-in-die-neue-werkstatt\/\" \/>\n<meta property=\"og:site_name\" content=\"Makerspace FabLab Rheinfelden\" \/>\n<meta property=\"article:published_time\" content=\"2015-09-20T19:25:23+00:00\" \/>\n<meta property=\"article:modified_time\" content=\"2015-09-27T16:52:39+00:00\" \/>\n<meta property=\"og:image\" content=\"https:\/\/makerspace-rheinfelden.ch\/blog\/wp-content\/uploads\/2015\/09\/DSC1062_s.jpg\" \/>\n\t<meta property=\"og:image:width\" content=\"500\" \/>\n\t<meta property=\"og:image:height\" content=\"333\" \/>\n<meta name=\"twitter:card\" content=\"summary\" \/>\n<meta name=\"twitter:label1\" content=\"Verfasst von\" \/>\n\t<meta name=\"twitter:data1\" content=\"Claus Pfisterer\" \/>\n<script type=\"application\/ld+json\" class=\"yoast-schema-graph\">{\"@context\":\"https:\/\/schema.org\",\"@graph\":[{\"@type\":\"WebSite\",\"@id\":\"https:\/\/makerspace-rheinfelden.ch\/blog\/#website\",\"url\":\"https:\/\/makerspace-rheinfelden.ch\/blog\/\",\"name\":\"Makerspace FabLab Rheinfelden\",\"description\":\"Webseite des Vereins Makerspace Fablab Rheinfelden\",\"potentialAction\":[{\"@type\":\"SearchAction\",\"target\":{\"@type\":\"EntryPoint\",\"urlTemplate\":\"https:\/\/makerspace-rheinfelden.ch\/blog\/?s={search_term_string}\"},\"query-input\":\"required name=search_term_string\"}],\"inLanguage\":\"de\"},{\"@type\":\"ImageObject\",\"@id\":\"https:\/\/makerspace-rheinfelden.ch\/blog\/2015\/09\/umzug-in-die-neue-werkstatt\/#primaryimage\",\"inLanguage\":\"de\",\"url\":\"https:\/\/makerspace-rheinfelden.ch\/blog\/wp-content\/uploads\/2015\/09\/DSC1062_s.jpg\",\"contentUrl\":\"https:\/\/makerspace-rheinfelden.ch\/blog\/wp-content\/uploads\/2015\/09\/DSC1062_s.jpg\",\"width\":500,\"height\":333},{\"@type\":\"WebPage\",\"@id\":\"https:\/\/makerspace-rheinfelden.ch\/blog\/2015\/09\/umzug-in-die-neue-werkstatt\/#webpage\",\"url\":\"https:\/\/makerspace-rheinfelden.ch\/blog\/2015\/09\/umzug-in-die-neue-werkstatt\/\",\"name\":\"Umzug in die neue Werkstatt - Makerspace FabLab Rheinfelden\",\"isPartOf\":{\"@id\":\"https:\/\/makerspace-rheinfelden.ch\/blog\/#website\"},\"primaryImageOfPage\":{\"@id\":\"https:\/\/makerspace-rheinfelden.ch\/blog\/2015\/09\/umzug-in-die-neue-werkstatt\/#primaryimage\"},\"datePublished\":\"2015-09-20T19:25:23+00:00\",\"dateModified\":\"2015-09-27T16:52:39+00:00\",\"author\":{\"@id\":\"https:\/\/makerspace-rheinfelden.ch\/blog\/#\/schema\/person\/991f32756f69f0f03158c865818d6603\"},\"breadcrumb\":{\"@id\":\"https:\/\/makerspace-rheinfelden.ch\/blog\/2015\/09\/umzug-in-die-neue-werkstatt\/#breadcrumb\"},\"inLanguage\":\"de\",\"potentialAction\":[{\"@type\":\"ReadAction\",\"target\":[\"https:\/\/makerspace-rheinfelden.ch\/blog\/2015\/09\/umzug-in-die-neue-werkstatt\/\"]}]},{\"@type\":\"BreadcrumbList\",\"@id\":\"https:\/\/makerspace-rheinfelden.ch\/blog\/2015\/09\/umzug-in-die-neue-werkstatt\/#breadcrumb\",\"itemListElement\":[{\"@type\":\"ListItem\",\"position\":1,\"name\":\"Startseite\",\"item\":\"https:\/\/makerspace-rheinfelden.ch\/blog\/\"},{\"@type\":\"ListItem\",\"position\":2,\"name\":\"Umzug in die neue Werkstatt\"}]},{\"@type\":\"Person\",\"@id\":\"https:\/\/makerspace-rheinfelden.ch\/blog\/#\/schema\/person\/991f32756f69f0f03158c865818d6603\",\"name\":\"Claus Pfisterer\",\"image\":{\"@type\":\"ImageObject\",\"@id\":\"https:\/\/makerspace-rheinfelden.ch\/blog\/#personlogo\",\"inLanguage\":\"de\",\"url\":\"https:\/\/makerspace-rheinfelden.ch\/blog\/wp-content\/uploads\/2015\/08\/Claus_sw-120x120.jpg\",\"contentUrl\":\"https:\/\/makerspace-rheinfelden.ch\/blog\/wp-content\/uploads\/2015\/08\/Claus_sw-120x120.jpg\",\"caption\":\"Claus Pfisterer\"},\"sameAs\":[\"http:\/\/www.apochroma.ch\"],\"url\":\"https:\/\/makerspace-rheinfelden.ch\/blog\/author\/cdp\/\"}]}<\/script>\n<!-- \/ Yoast SEO plugin. -->","yoast_head_json":{"robots":{"index":"noindex","follow":"follow","max-snippet":"max-snippet:-1","max-image-preview":"max-image-preview:large","max-video-preview":"max-video-preview:-1"},"og_locale":"de_DE","og_type":"article","og_title":"Umzug in die neue Werkstatt - Makerspace FabLab Rheinfelden","og_description":"Letzten Samstag haben wir unsere Sachen gepackt und die neue Werkstatt am Weidenweig in Rheinfelden bezogen&#8230;","og_url":"https:\/\/makerspace-rheinfelden.ch\/blog\/2015\/09\/umzug-in-die-neue-werkstatt\/","og_site_name":"Makerspace FabLab Rheinfelden","article_published_time":"2015-09-20T19:25:23+00:00","article_modified_time":"2015-09-27T16:52:39+00:00","og_image":[{"width":500,"height":333,"url":"https:\/\/makerspace-rheinfelden.ch\/blog\/wp-content\/uploads\/2015\/09\/DSC1062_s.jpg","path":"\/home\/httpd\/vhosts\/makerspace-rheinfelden.ch\/httpdocs\/blog\/wp-content\/uploads\/2015\/09\/DSC1062_s.jpg","size":"full","id":507,"alt":"","pixels":166500,"type":"image\/jpeg"}],"twitter_card":"summary","twitter_misc":{"Verfasst von":"Claus Pfisterer"},"schema":{"@context":"https:\/\/schema.org","@graph":[{"@type":"WebSite","@id":"https:\/\/makerspace-rheinfelden.ch\/blog\/#website","url":"https:\/\/makerspace-rheinfelden.ch\/blog\/","name":"Makerspace FabLab Rheinfelden","description":"Webseite des Vereins Makerspace Fablab Rheinfelden","potentialAction":[{"@type":"SearchAction","target":{"@type":"EntryPoint","urlTemplate":"https:\/\/makerspace-rheinfelden.ch\/blog\/?s={search_term_string}"},"query-input":"required name=search_term_string"}],"inLanguage":"de"},{"@type":"ImageObject","@id":"https:\/\/makerspace-rheinfelden.ch\/blog\/2015\/09\/umzug-in-die-neue-werkstatt\/#primaryimage","inLanguage":"de","url":"https:\/\/makerspace-rheinfelden.ch\/blog\/wp-content\/uploads\/2015\/09\/DSC1062_s.jpg","contentUrl":"https:\/\/makerspace-rheinfelden.ch\/blog\/wp-content\/uploads\/2015\/09\/DSC1062_s.jpg","width":500,"height":333},{"@type":"WebPage","@id":"https:\/\/makerspace-rheinfelden.ch\/blog\/2015\/09\/umzug-in-die-neue-werkstatt\/#webpage","url":"https:\/\/makerspace-rheinfelden.ch\/blog\/2015\/09\/umzug-in-die-neue-werkstatt\/","name":"Umzug in die neue Werkstatt - Makerspace FabLab Rheinfelden","isPartOf":{"@id":"https:\/\/makerspace-rheinfelden.ch\/blog\/#website"},"primaryImageOfPage":{"@id":"https:\/\/makerspace-rheinfelden.ch\/blog\/2015\/09\/umzug-in-die-neue-werkstatt\/#primaryimage"},"datePublished":"2015-09-20T19:25:23+00:00","dateModified":"2015-09-27T16:52:39+00:00","author":{"@id":"https:\/\/makerspace-rheinfelden.ch\/blog\/#\/schema\/person\/991f32756f69f0f03158c865818d6603"},"breadcrumb":{"@id":"https:\/\/makerspace-rheinfelden.ch\/blog\/2015\/09\/umzug-in-die-neue-werkstatt\/#breadcrumb"},"inLanguage":"de","potentialAction":[{"@type":"ReadAction","target":["https:\/\/makerspace-rheinfelden.ch\/blog\/2015\/09\/umzug-in-die-neue-werkstatt\/"]}]},{"@type":"BreadcrumbList","@id":"https:\/\/makerspace-rheinfelden.ch\/blog\/2015\/09\/umzug-in-die-neue-werkstatt\/#breadcrumb","itemListElement":[{"@type":"ListItem","position":1,"name":"Startseite","item":"https:\/\/makerspace-rheinfelden.ch\/blog\/"},{"@type":"ListItem","position":2,"name":"Umzug in die neue Werkstatt"}]},{"@type":"Person","@id":"https:\/\/makerspace-rheinfelden.ch\/blog\/#\/schema\/person\/991f32756f69f0f03158c865818d6603","name":"Claus Pfisterer","image":{"@type":"ImageObject","@id":"https:\/\/makerspace-rheinfelden.ch\/blog\/#personlogo","inLanguage":"de","url":"https:\/\/makerspace-rheinfelden.ch\/blog\/wp-content\/uploads\/2015\/08\/Claus_sw-120x120.jpg","contentUrl":"https:\/\/makerspace-rheinfelden.ch\/blog\/wp-content\/uploads\/2015\/08\/Claus_sw-120x120.jpg","caption":"Claus Pfisterer"},"sameAs":["http:\/\/www.apochroma.ch"],"url":"https:\/\/makerspace-rheinfelden.ch\/blog\/author\/cdp\/"}]}},"_links":{"self":[{"href":"https:\/\/makerspace-rheinfelden.ch\/blog\/wp-json\/wp\/v2\/posts\/500"}],"collection":[{"href":"https:\/\/makerspace-rheinfelden.ch\/blog\/wp-json\/wp\/v2\/posts"}],"about":[{"href":"https:\/\/makerspace-rheinfelden.ch\/blog\/wp-json\/wp\/v2\/types\/post"}],"author":[{"embeddable":true,"href":"https:\/\/makerspace-rheinfelden.ch\/blog\/wp-json\/wp\/v2\/users\/3"}],"replies":[{"embeddable":true,"href":"https:\/\/makerspace-rheinfelden.ch\/blog\/wp-json\/wp\/v2\/comments?post=500"}],"version-history":[{"count":3,"href":"https:\/\/makerspace-rheinfelden.ch\/blog\/wp-json\/wp\/v2\/posts\/500\/revisions"}],"predecessor-version":[{"id":513,"href":"https:\/\/makerspace-rheinfelden.ch\/blog\/wp-json\/wp\/v2\/posts\/500\/revisions\/513"}],"wp:featuredmedia":[{"embeddable":true,"href":"https:\/\/makerspace-rheinfelden.ch\/blog\/wp-json\/wp\/v2\/media\/507"}],"wp:attachment":[{"href":"https:\/\/makerspace-rheinfelden.ch\/blog\/wp-json\/wp\/v2\/media?parent=500"}],"wp:term":[{"taxonomy":"category","embeddable":true,"href":"https:\/\/makerspace-rheinfelden.ch\/blog\/wp-json\/wp\/v2\/categories?post=500"},{"taxonomy":"post_tag","embeddable":true,"href":"https:\/\/makerspace-rheinfelden.ch\/blog\/wp-json\/wp\/v2\/tags?post=500"}],"curies":[{"name":"wp","href":"https:\/\/api.w.org\/{rel}","templated":true}]}}