{"id":2264,"date":"2017-06-27T18:55:02","date_gmt":"2017-06-27T16:55:02","guid":{"rendered":"https:\/\/makerspace-rheinfelden.ch\/blog\/?p=2264"},"modified":"2017-07-01T22:01:49","modified_gmt":"2017-07-01T20:01:49","slug":"werkstatt-einrichten-am-samstag-1-juli","status":"publish","type":"post","link":"https:\/\/makerspace-rheinfelden.ch\/blog\/2017\/06\/werkstatt-einrichten-am-samstag-1-juli\/","title":{"rendered":"Werkstatt einrichten, am Samstag, 1. Juli"},"content":{"rendered":"<p><strong>Am Samstag 1. Juli ist die Werkstatt f\u00fcr pers\u00f6nliche Arbeit der Mitglieder geschlossen.<\/strong> Wir werden an diesem Tag in einer gemeinsamen Aktion die Werkstatt neu einrichten.<\/p>\n<p>Nachdem der IT-Raum (Werkstatt Ost) bereits neu eingerichtet worden ist, wird nun die andere Seite (Werkstatt West) neu organisiert.<\/p>\n<p>Dabei wird eine Zwischenwand aus Holz eingezogen um zwischen Holz- und den Metallbearbeitungsmaschinen eine Abtrennung zu haben. So k\u00f6nnen wir das Problem vom Holzstaub l\u00f6sen und auch die L\u00e4rmemissionen sind vermindert.<\/p>\n<p>Alle Mitglieder sind aufgerufen mitzuhelfen. Latten montieren, Platten zuschneiden und anschrauben, Gestelle versetzen, Umr\u00e4umen, Anschreiben usw. Unter der Leitung des Werkstatt-Einrichtungsteams.\u00a0<strong>Beginn 9 Uhr<\/strong>.\u00a0Nach Ende werden wir das ganze mit Grill und gem\u00fctlichem Beisammen sein ausklingen lassen.<\/p>\n<p>Ich freue mich auf das gemeinsame Anpacken! Nachher ist alles praktischer organisiert und der Platz besser ausgen\u00fctzt.<\/p>\n<p>F\u00fcr das Werkstatt-Einrichtungsteam<\/p>\n<p>Peter Meier<\/p>\n<p><a href=\"https:\/\/makerspace-rheinfelden.ch\/blog\/wp-content\/uploads\/2017\/06\/Abternng-1.jpg\" rel=\"lightbox[2264]\"><img loading=\"lazy\" class=\"alignnone wp-image-2269\" src=\"https:\/\/makerspace-rheinfelden.ch\/blog\/wp-content\/uploads\/2017\/06\/Abternng-1-250x178.jpg\" alt=\"\" width=\"574\" height=\"409\" srcset=\"https:\/\/makerspace-rheinfelden.ch\/blog\/wp-content\/uploads\/2017\/06\/Abternng-1-250x178.jpg 250w, https:\/\/makerspace-rheinfelden.ch\/blog\/wp-content\/uploads\/2017\/06\/Abternng-1-768x547.jpg 768w, https:\/\/makerspace-rheinfelden.ch\/blog\/wp-content\/uploads\/2017\/06\/Abternng-1-700x498.jpg 700w, https:\/\/makerspace-rheinfelden.ch\/blog\/wp-content\/uploads\/2017\/06\/Abternng-1-600x427.jpg 600w, https:\/\/makerspace-rheinfelden.ch\/blog\/wp-content\/uploads\/2017\/06\/Abternng-1-120x85.jpg 120w\" sizes=\"(max-width: 574px) 100vw, 574px\" \/><\/a><\/p>\n","protected":false},"excerpt":{"rendered":"Am Samstag 1. Juli ist die Werkstatt f\u00fcr pers\u00f6nliche Arbeit der Mitglieder geschlossen. Wir werden an diesem Tag in einer gemeinsamen Aktion die Werkstatt neu einrichten. Nachdem der IT-Raum (Werkstatt Ost) bereits neu eingerichtet worden ist, wird nun die andere Seite (Werkstatt West) neu organisiert. Dabei wird eine Zwischenwand aus Holz eingezogen um zwischen Holz-&#8230; <br \/><br \/><a class=\"view-article\" href=\"https:\/\/makerspace-rheinfelden.ch\/blog\/2017\/06\/werkstatt-einrichten-am-samstag-1-juli\/\">Weiterlesen \u2192<\/a>","protected":false},"author":4,"featured_media":0,"comment_status":"open","ping_status":"closed","sticky":false,"template":"","format":"standard","meta":[],"categories":[2],"tags":[],"yoast_head":"<!-- This site is optimized with the Yoast SEO plugin v17.0 - https:\/\/yoast.com\/wordpress\/plugins\/seo\/ -->\n<meta name=\"robots\" content=\"noindex, follow, max-snippet:-1, max-image-preview:large, max-video-preview:-1\" \/>\n<meta property=\"og:locale\" content=\"de_DE\" \/>\n<meta property=\"og:type\" content=\"article\" \/>\n<meta property=\"og:title\" content=\"Werkstatt einrichten, am Samstag, 1. Juli - Makerspace FabLab Rheinfelden\" \/>\n<meta property=\"og:description\" content=\"Am Samstag 1. Juli ist die Werkstatt f\u00fcr pers\u00f6nliche Arbeit der Mitglieder geschlossen. Wir werden an diesem Tag in einer gemeinsamen Aktion die Werkstatt neu einrichten. Nachdem der IT-Raum (Werkstatt Ost) bereits neu eingerichtet worden ist, wird nun die andere Seite (Werkstatt West) neu organisiert. Dabei wird eine Zwischenwand aus Holz eingezogen um zwischen Holz-... Weiterlesen \u2192\" \/>\n<meta property=\"og:url\" content=\"https:\/\/makerspace-rheinfelden.ch\/blog\/2017\/06\/werkstatt-einrichten-am-samstag-1-juli\/\" \/>\n<meta property=\"og:site_name\" content=\"Makerspace FabLab Rheinfelden\" \/>\n<meta property=\"article:published_time\" content=\"2017-06-27T16:55:02+00:00\" \/>\n<meta property=\"article:modified_time\" content=\"2017-07-01T20:01:49+00:00\" \/>\n<meta property=\"og:image\" content=\"https:\/\/makerspace-rheinfelden.ch\/blog\/wp-content\/uploads\/2017\/06\/Abternng-1-250x178.jpg\" \/>\n<meta name=\"twitter:card\" content=\"summary\" \/>\n<meta name=\"twitter:label1\" content=\"Verfasst von\" \/>\n\t<meta name=\"twitter:data1\" content=\"Peter Meier\" \/>\n\t<meta name=\"twitter:label2\" content=\"Gesch\u00e4tzte Lesezeit\" \/>\n\t<meta name=\"twitter:data2\" content=\"1\u00a0Minute\" \/>\n<script type=\"application\/ld+json\" class=\"yoast-schema-graph\">{\"@context\":\"https:\/\/schema.org\",\"@graph\":[{\"@type\":\"WebSite\",\"@id\":\"https:\/\/makerspace-rheinfelden.ch\/blog\/#website\",\"url\":\"https:\/\/makerspace-rheinfelden.ch\/blog\/\",\"name\":\"Makerspace FabLab Rheinfelden\",\"description\":\"Webseite des Vereins Makerspace Fablab Rheinfelden\",\"potentialAction\":[{\"@type\":\"SearchAction\",\"target\":{\"@type\":\"EntryPoint\",\"urlTemplate\":\"https:\/\/makerspace-rheinfelden.ch\/blog\/?s={search_term_string}\"},\"query-input\":\"required name=search_term_string\"}],\"inLanguage\":\"de\"},{\"@type\":\"ImageObject\",\"@id\":\"https:\/\/makerspace-rheinfelden.ch\/blog\/2017\/06\/werkstatt-einrichten-am-samstag-1-juli\/#primaryimage\",\"inLanguage\":\"de\",\"url\":\"https:\/\/makerspace-rheinfelden.ch\/blog\/wp-content\/uploads\/2017\/06\/Abternng-1.jpg\",\"contentUrl\":\"https:\/\/makerspace-rheinfelden.ch\/blog\/wp-content\/uploads\/2017\/06\/Abternng-1.jpg\",\"width\":4661,\"height\":3317},{\"@type\":\"WebPage\",\"@id\":\"https:\/\/makerspace-rheinfelden.ch\/blog\/2017\/06\/werkstatt-einrichten-am-samstag-1-juli\/#webpage\",\"url\":\"https:\/\/makerspace-rheinfelden.ch\/blog\/2017\/06\/werkstatt-einrichten-am-samstag-1-juli\/\",\"name\":\"Werkstatt einrichten, am Samstag, 1. Juli - Makerspace FabLab Rheinfelden\",\"isPartOf\":{\"@id\":\"https:\/\/makerspace-rheinfelden.ch\/blog\/#website\"},\"primaryImageOfPage\":{\"@id\":\"https:\/\/makerspace-rheinfelden.ch\/blog\/2017\/06\/werkstatt-einrichten-am-samstag-1-juli\/#primaryimage\"},\"datePublished\":\"2017-06-27T16:55:02+00:00\",\"dateModified\":\"2017-07-01T20:01:49+00:00\",\"author\":{\"@id\":\"https:\/\/makerspace-rheinfelden.ch\/blog\/#\/schema\/person\/2948b52ef38ee3eb2fbd4ba3acb277c5\"},\"breadcrumb\":{\"@id\":\"https:\/\/makerspace-rheinfelden.ch\/blog\/2017\/06\/werkstatt-einrichten-am-samstag-1-juli\/#breadcrumb\"},\"inLanguage\":\"de\",\"potentialAction\":[{\"@type\":\"ReadAction\",\"target\":[\"https:\/\/makerspace-rheinfelden.ch\/blog\/2017\/06\/werkstatt-einrichten-am-samstag-1-juli\/\"]}]},{\"@type\":\"BreadcrumbList\",\"@id\":\"https:\/\/makerspace-rheinfelden.ch\/blog\/2017\/06\/werkstatt-einrichten-am-samstag-1-juli\/#breadcrumb\",\"itemListElement\":[{\"@type\":\"ListItem\",\"position\":1,\"name\":\"Startseite\",\"item\":\"https:\/\/makerspace-rheinfelden.ch\/blog\/\"},{\"@type\":\"ListItem\",\"position\":2,\"name\":\"Werkstatt einrichten, am Samstag, 1. Juli\"}]},{\"@type\":\"Person\",\"@id\":\"https:\/\/makerspace-rheinfelden.ch\/blog\/#\/schema\/person\/2948b52ef38ee3eb2fbd4ba3acb277c5\",\"name\":\"Peter Meier\",\"image\":{\"@type\":\"ImageObject\",\"@id\":\"https:\/\/makerspace-rheinfelden.ch\/blog\/#personlogo\",\"inLanguage\":\"de\",\"url\":\"https:\/\/makerspace-rheinfelden.ch\/blog\/wp-content\/uploads\/2016\/02\/IMG_2134-150x150.jpg\",\"contentUrl\":\"https:\/\/makerspace-rheinfelden.ch\/blog\/wp-content\/uploads\/2016\/02\/IMG_2134-150x150.jpg\",\"caption\":\"Peter Meier\"},\"url\":\"https:\/\/makerspace-rheinfelden.ch\/blog\/author\/pitch415\/\"}]}<\/script>\n<!-- \/ Yoast SEO plugin. -->","yoast_head_json":{"robots":{"index":"noindex","follow":"follow","max-snippet":"max-snippet:-1","max-image-preview":"max-image-preview:large","max-video-preview":"max-video-preview:-1"},"og_locale":"de_DE","og_type":"article","og_title":"Werkstatt einrichten, am Samstag, 1. Juli - Makerspace FabLab Rheinfelden","og_description":"Am Samstag 1. Juli ist die Werkstatt f\u00fcr pers\u00f6nliche Arbeit der Mitglieder geschlossen. Wir werden an diesem Tag in einer gemeinsamen Aktion die Werkstatt neu einrichten. Nachdem der IT-Raum (Werkstatt Ost) bereits neu eingerichtet worden ist, wird nun die andere Seite (Werkstatt West) neu organisiert. Dabei wird eine Zwischenwand aus Holz eingezogen um zwischen Holz-... Weiterlesen \u2192","og_url":"https:\/\/makerspace-rheinfelden.ch\/blog\/2017\/06\/werkstatt-einrichten-am-samstag-1-juli\/","og_site_name":"Makerspace FabLab Rheinfelden","article_published_time":"2017-06-27T16:55:02+00:00","article_modified_time":"2017-07-01T20:01:49+00:00","og_image":[{"url":"https:\/\/makerspace-rheinfelden.ch\/blog\/wp-content\/uploads\/2017\/06\/Abternng-1-250x178.jpg"}],"twitter_card":"summary","twitter_misc":{"Verfasst von":"Peter Meier","Gesch\u00e4tzte Lesezeit":"1\u00a0Minute"},"schema":{"@context":"https:\/\/schema.org","@graph":[{"@type":"WebSite","@id":"https:\/\/makerspace-rheinfelden.ch\/blog\/#website","url":"https:\/\/makerspace-rheinfelden.ch\/blog\/","name":"Makerspace FabLab Rheinfelden","description":"Webseite des Vereins Makerspace Fablab Rheinfelden","potentialAction":[{"@type":"SearchAction","target":{"@type":"EntryPoint","urlTemplate":"https:\/\/makerspace-rheinfelden.ch\/blog\/?s={search_term_string}"},"query-input":"required name=search_term_string"}],"inLanguage":"de"},{"@type":"ImageObject","@id":"https:\/\/makerspace-rheinfelden.ch\/blog\/2017\/06\/werkstatt-einrichten-am-samstag-1-juli\/#primaryimage","inLanguage":"de","url":"https:\/\/makerspace-rheinfelden.ch\/blog\/wp-content\/uploads\/2017\/06\/Abternng-1.jpg","contentUrl":"https:\/\/makerspace-rheinfelden.ch\/blog\/wp-content\/uploads\/2017\/06\/Abternng-1.jpg","width":4661,"height":3317},{"@type":"WebPage","@id":"https:\/\/makerspace-rheinfelden.ch\/blog\/2017\/06\/werkstatt-einrichten-am-samstag-1-juli\/#webpage","url":"https:\/\/makerspace-rheinfelden.ch\/blog\/2017\/06\/werkstatt-einrichten-am-samstag-1-juli\/","name":"Werkstatt einrichten, am Samstag, 1. Juli - Makerspace FabLab Rheinfelden","isPartOf":{"@id":"https:\/\/makerspace-rheinfelden.ch\/blog\/#website"},"primaryImageOfPage":{"@id":"https:\/\/makerspace-rheinfelden.ch\/blog\/2017\/06\/werkstatt-einrichten-am-samstag-1-juli\/#primaryimage"},"datePublished":"2017-06-27T16:55:02+00:00","dateModified":"2017-07-01T20:01:49+00:00","author":{"@id":"https:\/\/makerspace-rheinfelden.ch\/blog\/#\/schema\/person\/2948b52ef38ee3eb2fbd4ba3acb277c5"},"breadcrumb":{"@id":"https:\/\/makerspace-rheinfelden.ch\/blog\/2017\/06\/werkstatt-einrichten-am-samstag-1-juli\/#breadcrumb"},"inLanguage":"de","potentialAction":[{"@type":"ReadAction","target":["https:\/\/makerspace-rheinfelden.ch\/blog\/2017\/06\/werkstatt-einrichten-am-samstag-1-juli\/"]}]},{"@type":"BreadcrumbList","@id":"https:\/\/makerspace-rheinfelden.ch\/blog\/2017\/06\/werkstatt-einrichten-am-samstag-1-juli\/#breadcrumb","itemListElement":[{"@type":"ListItem","position":1,"name":"Startseite","item":"https:\/\/makerspace-rheinfelden.ch\/blog\/"},{"@type":"ListItem","position":2,"name":"Werkstatt einrichten, am Samstag, 1. Juli"}]},{"@type":"Person","@id":"https:\/\/makerspace-rheinfelden.ch\/blog\/#\/schema\/person\/2948b52ef38ee3eb2fbd4ba3acb277c5","name":"Peter Meier","image":{"@type":"ImageObject","@id":"https:\/\/makerspace-rheinfelden.ch\/blog\/#personlogo","inLanguage":"de","url":"https:\/\/makerspace-rheinfelden.ch\/blog\/wp-content\/uploads\/2016\/02\/IMG_2134-150x150.jpg","contentUrl":"https:\/\/makerspace-rheinfelden.ch\/blog\/wp-content\/uploads\/2016\/02\/IMG_2134-150x150.jpg","caption":"Peter Meier"},"url":"https:\/\/makerspace-rheinfelden.ch\/blog\/author\/pitch415\/"}]}},"_links":{"self":[{"href":"https:\/\/makerspace-rheinfelden.ch\/blog\/wp-json\/wp\/v2\/posts\/2264"}],"collection":[{"href":"https:\/\/makerspace-rheinfelden.ch\/blog\/wp-json\/wp\/v2\/posts"}],"about":[{"href":"https:\/\/makerspace-rheinfelden.ch\/blog\/wp-json\/wp\/v2\/types\/post"}],"author":[{"embeddable":true,"href":"https:\/\/makerspace-rheinfelden.ch\/blog\/wp-json\/wp\/v2\/users\/4"}],"replies":[{"embeddable":true,"href":"https:\/\/makerspace-rheinfelden.ch\/blog\/wp-json\/wp\/v2\/comments?post=2264"}],"version-history":[{"count":5,"href":"https:\/\/makerspace-rheinfelden.ch\/blog\/wp-json\/wp\/v2\/posts\/2264\/revisions"}],"predecessor-version":[{"id":2271,"href":"https:\/\/makerspace-rheinfelden.ch\/blog\/wp-json\/wp\/v2\/posts\/2264\/revisions\/2271"}],"wp:attachment":[{"href":"https:\/\/makerspace-rheinfelden.ch\/blog\/wp-json\/wp\/v2\/media?parent=2264"}],"wp:term":[{"taxonomy":"category","embeddable":true,"href":"https:\/\/makerspace-rheinfelden.ch\/blog\/wp-json\/wp\/v2\/categories?post=2264"},{"taxonomy":"post_tag","embeddable":true,"href":"https:\/\/makerspace-rheinfelden.ch\/blog\/wp-json\/wp\/v2\/tags?post=2264"}],"curies":[{"name":"wp","href":"https:\/\/api.w.org\/{rel}","templated":true}]}}