{"id":1763,"date":"2016-08-02T10:25:38","date_gmt":"2016-08-02T08:25:38","guid":{"rendered":"https:\/\/makerspace-rheinfelden.ch\/blog\/?p=1763"},"modified":"2016-08-02T10:25:38","modified_gmt":"2016-08-02T08:25:38","slug":"siebdruck-und-grill-im-makerspace","status":"publish","type":"post","link":"https:\/\/makerspace-rheinfelden.ch\/blog\/2016\/08\/siebdruck-und-grill-im-makerspace\/","title":{"rendered":"Siebdruck und Grill im Makerspace"},"content":{"rendered":"<h2><a href=\"https:\/\/makerspace-rheinfelden.ch\/blog\/wp-content\/uploads\/2016\/02\/creme_la_creme.jpg\" rel=\"lightbox[1763]\"><img loading=\"lazy\" width=\"250\" height=\"103\" class=\"alignnone size-medium wp-image-1748\" src=\"https:\/\/makerspace-rheinfelden.ch\/blog\/wp-content\/uploads\/2016\/02\/creme_la_creme-250x103.jpg\" alt=\"Siebdruck\" srcset=\"https:\/\/makerspace-rheinfelden.ch\/blog\/wp-content\/uploads\/2016\/02\/creme_la_creme-250x103.jpg 250w, https:\/\/makerspace-rheinfelden.ch\/blog\/wp-content\/uploads\/2016\/02\/creme_la_creme.jpg 600w, https:\/\/makerspace-rheinfelden.ch\/blog\/wp-content\/uploads\/2016\/02\/creme_la_creme-120x50.jpg 120w\" sizes=\"(max-width: 250px) 100vw, 250px\" \/><\/a><\/h2>\n<h2>Hello Maker, hello Silk, Meat &amp; Cr\u00e8me de la Cr\u00e8me!<\/h2>\n<p>Nun ist es soweit, an den zwei <strong>Samstagen 6. + 13. August<\/strong> werden wir im FabLab Makerspace mittels Siebdruckverfahren \u201eStofftaschen\u201c (Turnt\u00e4schli, Rucks\u00e4ckli) mit unserem Vereinslogo bedrucken.<\/p>\n<p>Die Gelegenheit also, das FabLab Makerspace zu besuchen, das Siebdruckverfahren kennenzulernen, selber auszuprobieren und anzuwenden.<\/p>\n<p>Wir beginnen an beiden Tagen um 10 Uhr und Drucken den ganzen Tag bis etwa 16 Uhr. Es wird so sein, dass nicht alle gleichzeitig Drucken k\u00f6nnen. Somit ist gedacht das wir uns abwechseln und nach Lust und Laune soviel Drucken wie wir m\u00f6gen. Du kannst auch nur stundenweise reinschauen, dir den Siebdruck von einem Maker zeigen lassen und ein paar Taschen drucken.<\/p>\n<p>F\u00fcr Grill und Festbank ist ebenfalls gesorgt, auch der kann den ganzen Tag \u00fcber mit selbstmitgebrachten K\u00f6stlichkeiten belegt werden. F\u00fcr Kaffe, Mineral und S\u00fcssgetr\u00e4nke wird von unserer Seite gesorgt.<\/p>\n<p><strong><code>Wann: 06. + 13. August 2016 <\/code><\/strong><br \/>\n<strong><code>Zeit: ab 10 Uhr bis 16 Uhr, Open-End am Grill und der Festbank :-)<\/code><\/strong><br \/>\n<strong><code>Wo: FabLab Makerspace Rheinfelden, Weidenweg 17, 4310 Rheinfelden<\/code><\/strong><\/p>\n<p>See You @ FabLab Makerspace<br \/>\nEs gr\u00fcsst der Verein FabLab Makerspace Rheinfelden<\/p>\n","protected":false},"excerpt":{"rendered":"Hello Maker, hello Silk, Meat &amp; Cr\u00e8me de la Cr\u00e8me! Nun ist es soweit, an den zwei Samstagen 6. + 13. August werden wir im FabLab Makerspace mittels Siebdruckverfahren \u201eStofftaschen\u201c (Turnt\u00e4schli, Rucks\u00e4ckli) mit unserem Vereinslogo bedrucken. Die Gelegenheit also, das FabLab Makerspace zu besuchen, das Siebdruckverfahren kennenzulernen, selber auszuprobieren und anzuwenden. Wir beginnen an beiden&#8230; <br \/><br \/><a class=\"view-article\" href=\"https:\/\/makerspace-rheinfelden.ch\/blog\/2016\/08\/siebdruck-und-grill-im-makerspace\/\">Weiterlesen \u2192<\/a>","protected":false},"author":3,"featured_media":0,"comment_status":"open","ping_status":"closed","sticky":false,"template":"","format":"standard","meta":[],"categories":[2],"tags":[],"yoast_head":"<!-- This site is optimized with the Yoast SEO plugin v17.0 - https:\/\/yoast.com\/wordpress\/plugins\/seo\/ -->\n<meta name=\"robots\" content=\"noindex, follow, max-snippet:-1, max-image-preview:large, max-video-preview:-1\" \/>\n<meta property=\"og:locale\" content=\"de_DE\" \/>\n<meta property=\"og:type\" content=\"article\" \/>\n<meta property=\"og:title\" content=\"Siebdruck und Grill im Makerspace - Makerspace FabLab Rheinfelden\" \/>\n<meta property=\"og:description\" content=\"Hello Maker, hello Silk, Meat &amp; Cr\u00e8me de la Cr\u00e8me! Nun ist es soweit, an den zwei Samstagen 6. + 13. August werden wir im FabLab Makerspace mittels Siebdruckverfahren \u201eStofftaschen\u201c (Turnt\u00e4schli, Rucks\u00e4ckli) mit unserem Vereinslogo bedrucken. Die Gelegenheit also, das FabLab Makerspace zu besuchen, das Siebdruckverfahren kennenzulernen, selber auszuprobieren und anzuwenden. Wir beginnen an beiden... Weiterlesen \u2192\" \/>\n<meta property=\"og:url\" content=\"https:\/\/makerspace-rheinfelden.ch\/blog\/2016\/08\/siebdruck-und-grill-im-makerspace\/\" \/>\n<meta property=\"og:site_name\" content=\"Makerspace FabLab Rheinfelden\" \/>\n<meta property=\"article:published_time\" content=\"2016-08-02T08:25:38+00:00\" \/>\n<meta property=\"og:image\" content=\"https:\/\/makerspace-rheinfelden.ch\/blog\/wp-content\/uploads\/2016\/02\/creme_la_creme-250x103.jpg\" \/>\n<meta name=\"twitter:card\" content=\"summary\" \/>\n<meta name=\"twitter:label1\" content=\"Verfasst von\" \/>\n\t<meta name=\"twitter:data1\" content=\"Claus Pfisterer\" \/>\n\t<meta name=\"twitter:label2\" content=\"Gesch\u00e4tzte Lesezeit\" \/>\n\t<meta name=\"twitter:data2\" content=\"1\u00a0Minute\" \/>\n<script type=\"application\/ld+json\" class=\"yoast-schema-graph\">{\"@context\":\"https:\/\/schema.org\",\"@graph\":[{\"@type\":\"WebSite\",\"@id\":\"https:\/\/makerspace-rheinfelden.ch\/blog\/#website\",\"url\":\"https:\/\/makerspace-rheinfelden.ch\/blog\/\",\"name\":\"Makerspace FabLab Rheinfelden\",\"description\":\"Webseite des Vereins Makerspace Fablab Rheinfelden\",\"potentialAction\":[{\"@type\":\"SearchAction\",\"target\":{\"@type\":\"EntryPoint\",\"urlTemplate\":\"https:\/\/makerspace-rheinfelden.ch\/blog\/?s={search_term_string}\"},\"query-input\":\"required name=search_term_string\"}],\"inLanguage\":\"de\"},{\"@type\":\"ImageObject\",\"@id\":\"https:\/\/makerspace-rheinfelden.ch\/blog\/2016\/08\/siebdruck-und-grill-im-makerspace\/#primaryimage\",\"inLanguage\":\"de\",\"url\":\"https:\/\/makerspace-rheinfelden.ch\/blog\/wp-content\/uploads\/2016\/02\/creme_la_creme.jpg\",\"contentUrl\":\"https:\/\/makerspace-rheinfelden.ch\/blog\/wp-content\/uploads\/2016\/02\/creme_la_creme.jpg\",\"width\":600,\"height\":248,\"caption\":\"Siebdruck\"},{\"@type\":\"WebPage\",\"@id\":\"https:\/\/makerspace-rheinfelden.ch\/blog\/2016\/08\/siebdruck-und-grill-im-makerspace\/#webpage\",\"url\":\"https:\/\/makerspace-rheinfelden.ch\/blog\/2016\/08\/siebdruck-und-grill-im-makerspace\/\",\"name\":\"Siebdruck und Grill im Makerspace - Makerspace FabLab Rheinfelden\",\"isPartOf\":{\"@id\":\"https:\/\/makerspace-rheinfelden.ch\/blog\/#website\"},\"primaryImageOfPage\":{\"@id\":\"https:\/\/makerspace-rheinfelden.ch\/blog\/2016\/08\/siebdruck-und-grill-im-makerspace\/#primaryimage\"},\"datePublished\":\"2016-08-02T08:25:38+00:00\",\"dateModified\":\"2016-08-02T08:25:38+00:00\",\"author\":{\"@id\":\"https:\/\/makerspace-rheinfelden.ch\/blog\/#\/schema\/person\/991f32756f69f0f03158c865818d6603\"},\"breadcrumb\":{\"@id\":\"https:\/\/makerspace-rheinfelden.ch\/blog\/2016\/08\/siebdruck-und-grill-im-makerspace\/#breadcrumb\"},\"inLanguage\":\"de\",\"potentialAction\":[{\"@type\":\"ReadAction\",\"target\":[\"https:\/\/makerspace-rheinfelden.ch\/blog\/2016\/08\/siebdruck-und-grill-im-makerspace\/\"]}]},{\"@type\":\"BreadcrumbList\",\"@id\":\"https:\/\/makerspace-rheinfelden.ch\/blog\/2016\/08\/siebdruck-und-grill-im-makerspace\/#breadcrumb\",\"itemListElement\":[{\"@type\":\"ListItem\",\"position\":1,\"name\":\"Startseite\",\"item\":\"https:\/\/makerspace-rheinfelden.ch\/blog\/\"},{\"@type\":\"ListItem\",\"position\":2,\"name\":\"Siebdruck und Grill im Makerspace\"}]},{\"@type\":\"Person\",\"@id\":\"https:\/\/makerspace-rheinfelden.ch\/blog\/#\/schema\/person\/991f32756f69f0f03158c865818d6603\",\"name\":\"Claus Pfisterer\",\"image\":{\"@type\":\"ImageObject\",\"@id\":\"https:\/\/makerspace-rheinfelden.ch\/blog\/#personlogo\",\"inLanguage\":\"de\",\"url\":\"https:\/\/makerspace-rheinfelden.ch\/blog\/wp-content\/uploads\/2015\/08\/Claus_sw-120x120.jpg\",\"contentUrl\":\"https:\/\/makerspace-rheinfelden.ch\/blog\/wp-content\/uploads\/2015\/08\/Claus_sw-120x120.jpg\",\"caption\":\"Claus Pfisterer\"},\"sameAs\":[\"http:\/\/www.apochroma.ch\"],\"url\":\"https:\/\/makerspace-rheinfelden.ch\/blog\/author\/cdp\/\"}]}<\/script>\n<!-- \/ Yoast SEO plugin. -->","yoast_head_json":{"robots":{"index":"noindex","follow":"follow","max-snippet":"max-snippet:-1","max-image-preview":"max-image-preview:large","max-video-preview":"max-video-preview:-1"},"og_locale":"de_DE","og_type":"article","og_title":"Siebdruck und Grill im Makerspace - Makerspace FabLab Rheinfelden","og_description":"Hello Maker, hello Silk, Meat &amp; Cr\u00e8me de la Cr\u00e8me! Nun ist es soweit, an den zwei Samstagen 6. + 13. August werden wir im FabLab Makerspace mittels Siebdruckverfahren \u201eStofftaschen\u201c (Turnt\u00e4schli, Rucks\u00e4ckli) mit unserem Vereinslogo bedrucken. Die Gelegenheit also, das FabLab Makerspace zu besuchen, das Siebdruckverfahren kennenzulernen, selber auszuprobieren und anzuwenden. Wir beginnen an beiden... Weiterlesen \u2192","og_url":"https:\/\/makerspace-rheinfelden.ch\/blog\/2016\/08\/siebdruck-und-grill-im-makerspace\/","og_site_name":"Makerspace FabLab Rheinfelden","article_published_time":"2016-08-02T08:25:38+00:00","og_image":[{"url":"https:\/\/makerspace-rheinfelden.ch\/blog\/wp-content\/uploads\/2016\/02\/creme_la_creme-250x103.jpg"}],"twitter_card":"summary","twitter_misc":{"Verfasst von":"Claus Pfisterer","Gesch\u00e4tzte Lesezeit":"1\u00a0Minute"},"schema":{"@context":"https:\/\/schema.org","@graph":[{"@type":"WebSite","@id":"https:\/\/makerspace-rheinfelden.ch\/blog\/#website","url":"https:\/\/makerspace-rheinfelden.ch\/blog\/","name":"Makerspace FabLab Rheinfelden","description":"Webseite des Vereins Makerspace Fablab Rheinfelden","potentialAction":[{"@type":"SearchAction","target":{"@type":"EntryPoint","urlTemplate":"https:\/\/makerspace-rheinfelden.ch\/blog\/?s={search_term_string}"},"query-input":"required name=search_term_string"}],"inLanguage":"de"},{"@type":"ImageObject","@id":"https:\/\/makerspace-rheinfelden.ch\/blog\/2016\/08\/siebdruck-und-grill-im-makerspace\/#primaryimage","inLanguage":"de","url":"https:\/\/makerspace-rheinfelden.ch\/blog\/wp-content\/uploads\/2016\/02\/creme_la_creme.jpg","contentUrl":"https:\/\/makerspace-rheinfelden.ch\/blog\/wp-content\/uploads\/2016\/02\/creme_la_creme.jpg","width":600,"height":248,"caption":"Siebdruck"},{"@type":"WebPage","@id":"https:\/\/makerspace-rheinfelden.ch\/blog\/2016\/08\/siebdruck-und-grill-im-makerspace\/#webpage","url":"https:\/\/makerspace-rheinfelden.ch\/blog\/2016\/08\/siebdruck-und-grill-im-makerspace\/","name":"Siebdruck und Grill im Makerspace - Makerspace FabLab Rheinfelden","isPartOf":{"@id":"https:\/\/makerspace-rheinfelden.ch\/blog\/#website"},"primaryImageOfPage":{"@id":"https:\/\/makerspace-rheinfelden.ch\/blog\/2016\/08\/siebdruck-und-grill-im-makerspace\/#primaryimage"},"datePublished":"2016-08-02T08:25:38+00:00","dateModified":"2016-08-02T08:25:38+00:00","author":{"@id":"https:\/\/makerspace-rheinfelden.ch\/blog\/#\/schema\/person\/991f32756f69f0f03158c865818d6603"},"breadcrumb":{"@id":"https:\/\/makerspace-rheinfelden.ch\/blog\/2016\/08\/siebdruck-und-grill-im-makerspace\/#breadcrumb"},"inLanguage":"de","potentialAction":[{"@type":"ReadAction","target":["https:\/\/makerspace-rheinfelden.ch\/blog\/2016\/08\/siebdruck-und-grill-im-makerspace\/"]}]},{"@type":"BreadcrumbList","@id":"https:\/\/makerspace-rheinfelden.ch\/blog\/2016\/08\/siebdruck-und-grill-im-makerspace\/#breadcrumb","itemListElement":[{"@type":"ListItem","position":1,"name":"Startseite","item":"https:\/\/makerspace-rheinfelden.ch\/blog\/"},{"@type":"ListItem","position":2,"name":"Siebdruck und Grill im Makerspace"}]},{"@type":"Person","@id":"https:\/\/makerspace-rheinfelden.ch\/blog\/#\/schema\/person\/991f32756f69f0f03158c865818d6603","name":"Claus Pfisterer","image":{"@type":"ImageObject","@id":"https:\/\/makerspace-rheinfelden.ch\/blog\/#personlogo","inLanguage":"de","url":"https:\/\/makerspace-rheinfelden.ch\/blog\/wp-content\/uploads\/2015\/08\/Claus_sw-120x120.jpg","contentUrl":"https:\/\/makerspace-rheinfelden.ch\/blog\/wp-content\/uploads\/2015\/08\/Claus_sw-120x120.jpg","caption":"Claus Pfisterer"},"sameAs":["http:\/\/www.apochroma.ch"],"url":"https:\/\/makerspace-rheinfelden.ch\/blog\/author\/cdp\/"}]}},"_links":{"self":[{"href":"https:\/\/makerspace-rheinfelden.ch\/blog\/wp-json\/wp\/v2\/posts\/1763"}],"collection":[{"href":"https:\/\/makerspace-rheinfelden.ch\/blog\/wp-json\/wp\/v2\/posts"}],"about":[{"href":"https:\/\/makerspace-rheinfelden.ch\/blog\/wp-json\/wp\/v2\/types\/post"}],"author":[{"embeddable":true,"href":"https:\/\/makerspace-rheinfelden.ch\/blog\/wp-json\/wp\/v2\/users\/3"}],"replies":[{"embeddable":true,"href":"https:\/\/makerspace-rheinfelden.ch\/blog\/wp-json\/wp\/v2\/comments?post=1763"}],"version-history":[{"count":2,"href":"https:\/\/makerspace-rheinfelden.ch\/blog\/wp-json\/wp\/v2\/posts\/1763\/revisions"}],"predecessor-version":[{"id":1765,"href":"https:\/\/makerspace-rheinfelden.ch\/blog\/wp-json\/wp\/v2\/posts\/1763\/revisions\/1765"}],"wp:attachment":[{"href":"https:\/\/makerspace-rheinfelden.ch\/blog\/wp-json\/wp\/v2\/media?parent=1763"}],"wp:term":[{"taxonomy":"category","embeddable":true,"href":"https:\/\/makerspace-rheinfelden.ch\/blog\/wp-json\/wp\/v2\/categories?post=1763"},{"taxonomy":"post_tag","embeddable":true,"href":"https:\/\/makerspace-rheinfelden.ch\/blog\/wp-json\/wp\/v2\/tags?post=1763"}],"curies":[{"name":"wp","href":"https:\/\/api.w.org\/{rel}","templated":true}]}}