{"id":127,"date":"2014-07-27T13:33:37","date_gmt":"2014-07-27T11:33:37","guid":{"rendered":"http:\/\/www.makerspace-rheinfelden.ch\/blog\/?p=127"},"modified":"2014-07-27T13:33:37","modified_gmt":"2014-07-27T11:33:37","slug":"photobooth-2-0","status":"publish","type":"post","link":"https:\/\/makerspace-rheinfelden.ch\/blog\/2014\/07\/photobooth-2-0\/","title":{"rendered":"Photobooth 2.0"},"content":{"rendered":"<p>&nbsp;<\/p>\n<p>Jetzt ist es knapp ein Jahr her,\u00a0wurde\u00a0das\u00a0Projekt Photobooth\u00a0von den SponsorInnen und Sponsoren mit einem feierlichen Ap\u00e9ro und Musik eingeweiht. Seither war die aus Wabenkarton gebaute Photobooth noch einige Male an Design- und anderen Publikums-Messen\u00a0unterwegs.<\/p>\n<p>Mir schwebt seit jeher eine\u00a0Weiterentwicklung dieser Photobooth vor. Die Schwester sollte kleiner, stabiler und einkleidbar werden. Mit der Absicht,\u00a0die neue Photobooth f\u00fcr das\u00a0interessierte Publikum mietbar zu machen, sind die Anforderungen massiv gestiegen. Besonders grosse Freude habe ich, dass mich\u00a0in dieser Aufgabe meine Schwester Julia\u00a0unterst\u00fctzt. Weiterhin hat mich auch Thomas mit der Elektronik unterst\u00fctzt. Die Platine\u00a0wurde zum Anschliessen noch einfacher gestaltet.<\/p>\n<p>Im Kunstbetrieb M\u00fcnchenstein, verbrachte ich mit meiner Schwester einen Tag, um die Photobooth 2.0 zu bauen. Zwar wurden \u00a0wir noch nicht fertig, dennoch kamen wir ein grosses St\u00fcck weiter!<br \/>\nDie Werkhalle ist der\u00a0ideale Ort um dieses\u00a0Projekt zu verwirklichen. So k\u00f6nnte ich mir einen Makerspace vorstellen. Nat\u00fcrlich ist das f\u00fcr den Anfang \u00fcberdimensioniert und damit auch zu teuer. Aber wer weiss&#8230;<\/p>\n<p><!--more--><\/p>\n<p><a href=\"http:\/\/www.makerspace-rheinfelden.ch\/blog\/wp-content\/uploads\/2014\/07\/Photobooth_2.0_011.jpg\" rel=\"lightbox[127]\"><img loading=\"lazy\" class=\"size-medium wp-image-138 aligncenter\" src=\"http:\/\/www.makerspace-rheinfelden.ch\/blog\/wp-content\/uploads\/2014\/07\/Photobooth_2.0_011-300x200.jpg\" alt=\"Photobooth_2.0_011\" width=\"300\" height=\"200\" \/><\/a> <a href=\"http:\/\/www.makerspace-rheinfelden.ch\/blog\/wp-content\/uploads\/2014\/07\/Photobooth_2.0_012.jpg\" rel=\"lightbox[127]\"><img loading=\"lazy\" class=\"size-medium wp-image-139 aligncenter\" src=\"http:\/\/www.makerspace-rheinfelden.ch\/blog\/wp-content\/uploads\/2014\/07\/Photobooth_2.0_012-300x200.jpg\" alt=\"Photobooth_2.0_012\" width=\"300\" height=\"200\" \/><\/a><\/p>\n<p>Auf der R\u00fcckseite des Technikraums entsteht noch eine Service-Lucke, damit man die Kamera justieren kann. Wichtig dabei ist, dass der Kameraraum dunkel bleibt, da sonst der Spionspiegel seine Funktion verliert.<\/p>\n<p><a href=\"http:\/\/www.makerspace-rheinfelden.ch\/blog\/wp-content\/uploads\/2014\/07\/Photobooth_2.0_013.jpg\" rel=\"lightbox[127]\"><img loading=\"lazy\" class=\"aligncenter size-medium wp-image-140\" src=\"http:\/\/www.makerspace-rheinfelden.ch\/blog\/wp-content\/uploads\/2014\/07\/Photobooth_2.0_013-300x200.jpg\" alt=\"Photobooth_2.0_013\" width=\"300\" height=\"200\" \/><\/a><\/p>\n<p>&nbsp;<\/p>\n<p>F\u00fcr die Befestigung der beiden Elemente (Technik-R\u00fcckwand, und Personen-R\u00fcckwand) erstellten wir ebenfalls aus Aluminium ,\u00a0spezielle Schliesser.<\/p>\n<p><a href=\"http:\/\/www.makerspace-rheinfelden.ch\/blog\/wp-content\/uploads\/2014\/07\/Photobooth_2.0_009.jpg\" rel=\"lightbox[127]\"><img loading=\"lazy\" class=\"aligncenter size-medium wp-image-136\" src=\"http:\/\/www.makerspace-rheinfelden.ch\/blog\/wp-content\/uploads\/2014\/07\/Photobooth_2.0_009-300x200.jpg\" alt=\"Photobooth_2.0_009\" width=\"300\" height=\"200\" \/><\/a> <a href=\"http:\/\/www.makerspace-rheinfelden.ch\/blog\/wp-content\/uploads\/2014\/07\/Photobooth_2.0_008.jpg\" rel=\"lightbox[127]\"><img loading=\"lazy\" class=\"aligncenter size-medium wp-image-135\" src=\"http:\/\/www.makerspace-rheinfelden.ch\/blog\/wp-content\/uploads\/2014\/07\/Photobooth_2.0_008-300x200.jpg\" alt=\"Photobooth_2.0_008\" width=\"300\" height=\"200\" \/><\/a><\/p>\n<p>Damit die Photobooth einkleidbar bleibt, mussten wir die Befestigungsschrauben von aussen versenkbar machen. Ebenso haben wir ein Metallgewinde im Holz versenkt, damit die Befestigungsschrauben auf Dauer das Holz nicht ausleiern.<\/p>\n<p><a href=\"http:\/\/www.makerspace-rheinfelden.ch\/blog\/wp-content\/uploads\/2014\/07\/Photobooth_2.0_006.jpg\" rel=\"lightbox[127]\"><img loading=\"lazy\" class=\"aligncenter size-medium wp-image-133\" src=\"http:\/\/www.makerspace-rheinfelden.ch\/blog\/wp-content\/uploads\/2014\/07\/Photobooth_2.0_006-300x200.jpg\" alt=\"Photobooth_2.0_006\" width=\"300\" height=\"200\" \/><\/a> <a href=\"http:\/\/www.makerspace-rheinfelden.ch\/blog\/wp-content\/uploads\/2014\/07\/Photobooth_2.0_005.jpg\" rel=\"lightbox[127]\"><img loading=\"lazy\" class=\"aligncenter size-medium wp-image-132\" src=\"http:\/\/www.makerspace-rheinfelden.ch\/blog\/wp-content\/uploads\/2014\/07\/Photobooth_2.0_005-300x200.jpg\" alt=\"Photobooth_2.0_005\" width=\"300\" height=\"200\" \/><\/a> <a href=\"http:\/\/www.makerspace-rheinfelden.ch\/blog\/wp-content\/uploads\/2014\/07\/Photobooth_2.0_003.jpg\" rel=\"lightbox[127]\"><img loading=\"lazy\" class=\"aligncenter size-medium wp-image-130\" src=\"http:\/\/www.makerspace-rheinfelden.ch\/blog\/wp-content\/uploads\/2014\/07\/Photobooth_2.0_003-300x200.jpg\" alt=\"Photobooth_2.0_003\" width=\"300\" height=\"200\" \/><\/a><\/p>\n<p>Ganz wichtig scheint es mir, dass man das frisch gebohrte Loch ausbl\u00e4sst. Zur Planung geh\u00f6rt nat\u00fcrlich auch exaktes Messen und aufzeichnen.\u00a0<a href=\"http:\/\/www.makerspace-rheinfelden.ch\/blog\/wp-content\/uploads\/2014\/07\/Photobooth_2.0_004.jpg\" rel=\"lightbox[127]\"><img loading=\"lazy\" class=\"aligncenter size-medium wp-image-131\" src=\"http:\/\/www.makerspace-rheinfelden.ch\/blog\/wp-content\/uploads\/2014\/07\/Photobooth_2.0_004-300x200.jpg\" alt=\"Photobooth_2.0_004\" width=\"300\" height=\"200\" \/><\/a><a href=\"http:\/\/www.makerspace-rheinfelden.ch\/blog\/wp-content\/uploads\/2014\/07\/Photobooth_2.0_007.jpg\" rel=\"lightbox[127]\"><img loading=\"lazy\" class=\"aligncenter size-medium wp-image-134\" src=\"http:\/\/www.makerspace-rheinfelden.ch\/blog\/wp-content\/uploads\/2014\/07\/Photobooth_2.0_007-300x200.jpg\" alt=\"Photobooth_2.0_007\" width=\"300\" height=\"200\" \/><\/a><\/p>\n<p>&nbsp;<\/p>\n<p>Jetzt steht noch die Verkabelung mit der neuen Photobooth-Platine an. Der RJ45-Stecker soll Probleme vermeiden, wenn die Photobooth von unerfahreneren Personen betrieben wird.\u00a0Wir vermeiden damit eine versehentliche Polarit\u00e4ts-Verwechslung \u00a0(Plus und Minus verstauscht).<\/p>\n<p><a href=\"http:\/\/www.makerspace-rheinfelden.ch\/blog\/wp-content\/uploads\/2014\/07\/IMG_2307.jpg\" rel=\"lightbox[127]\"><img loading=\"lazy\" class=\"aligncenter size-medium wp-image-142\" src=\"http:\/\/www.makerspace-rheinfelden.ch\/blog\/wp-content\/uploads\/2014\/07\/IMG_2307-300x224.jpg\" alt=\"IMG_2307\" width=\"300\" height=\"224\" \/><\/a><\/p>\n","protected":false},"excerpt":{"rendered":"&nbsp; Jetzt ist es knapp ein Jahr her,\u00a0wurde\u00a0das\u00a0Projekt Photobooth\u00a0von den SponsorInnen und Sponsoren mit einem feierlichen Ap\u00e9ro und Musik eingeweiht. Seither war die aus Wabenkarton gebaute Photobooth noch einige Male an Design- und anderen Publikums-Messen\u00a0unterwegs. Mir schwebt seit jeher eine\u00a0Weiterentwicklung dieser Photobooth vor. Die Schwester sollte kleiner, stabiler und einkleidbar werden. Mit der Absicht,\u00a0die neue&#8230; <br \/><br \/><a class=\"view-article\" href=\"https:\/\/makerspace-rheinfelden.ch\/blog\/2014\/07\/photobooth-2-0\/\">Weiterlesen \u2192<\/a>","protected":false},"author":3,"featured_media":129,"comment_status":"open","ping_status":"open","sticky":false,"template":"","format":"standard","meta":[],"categories":[5],"tags":[],"yoast_head":"<!-- This site is optimized with the Yoast SEO plugin v17.0 - https:\/\/yoast.com\/wordpress\/plugins\/seo\/ -->\n<meta name=\"robots\" content=\"noindex, follow, max-snippet:-1, max-image-preview:large, max-video-preview:-1\" \/>\n<meta property=\"og:locale\" content=\"de_DE\" \/>\n<meta property=\"og:type\" content=\"article\" \/>\n<meta property=\"og:title\" content=\"Photobooth 2.0 - Makerspace FabLab Rheinfelden\" \/>\n<meta property=\"og:description\" content=\"&nbsp; Jetzt ist es knapp ein Jahr her,\u00a0wurde\u00a0das\u00a0Projekt Photobooth\u00a0von den SponsorInnen und Sponsoren mit einem feierlichen Ap\u00e9ro und Musik eingeweiht. Seither war die aus Wabenkarton gebaute Photobooth noch einige Male an Design- und anderen Publikums-Messen\u00a0unterwegs. Mir schwebt seit jeher eine\u00a0Weiterentwicklung dieser Photobooth vor. Die Schwester sollte kleiner, stabiler und einkleidbar werden. Mit der Absicht,\u00a0die neue... Weiterlesen \u2192\" \/>\n<meta property=\"og:url\" content=\"https:\/\/makerspace-rheinfelden.ch\/blog\/2014\/07\/photobooth-2-0\/\" \/>\n<meta property=\"og:site_name\" content=\"Makerspace FabLab Rheinfelden\" \/>\n<meta property=\"article:published_time\" content=\"2014-07-27T11:33:37+00:00\" \/>\n<meta name=\"twitter:card\" content=\"summary\" \/>\n<meta name=\"twitter:label1\" content=\"Verfasst von\" \/>\n\t<meta name=\"twitter:data1\" content=\"Claus Pfisterer\" \/>\n\t<meta name=\"twitter:label2\" content=\"Gesch\u00e4tzte Lesezeit\" \/>\n\t<meta name=\"twitter:data2\" content=\"2\u00a0Minuten\" \/>\n<script type=\"application\/ld+json\" class=\"yoast-schema-graph\">{\"@context\":\"https:\/\/schema.org\",\"@graph\":[{\"@type\":\"WebSite\",\"@id\":\"https:\/\/makerspace-rheinfelden.ch\/blog\/#website\",\"url\":\"https:\/\/makerspace-rheinfelden.ch\/blog\/\",\"name\":\"Makerspace FabLab Rheinfelden\",\"description\":\"Webseite des Vereins Makerspace Fablab Rheinfelden\",\"potentialAction\":[{\"@type\":\"SearchAction\",\"target\":{\"@type\":\"EntryPoint\",\"urlTemplate\":\"https:\/\/makerspace-rheinfelden.ch\/blog\/?s={search_term_string}\"},\"query-input\":\"required name=search_term_string\"}],\"inLanguage\":\"de\"},{\"@type\":\"ImageObject\",\"@id\":\"https:\/\/makerspace-rheinfelden.ch\/blog\/2014\/07\/photobooth-2-0\/#primaryimage\",\"inLanguage\":\"de\",\"url\":\"\",\"contentUrl\":\"\"},{\"@type\":\"WebPage\",\"@id\":\"https:\/\/makerspace-rheinfelden.ch\/blog\/2014\/07\/photobooth-2-0\/#webpage\",\"url\":\"https:\/\/makerspace-rheinfelden.ch\/blog\/2014\/07\/photobooth-2-0\/\",\"name\":\"Photobooth 2.0 - Makerspace FabLab Rheinfelden\",\"isPartOf\":{\"@id\":\"https:\/\/makerspace-rheinfelden.ch\/blog\/#website\"},\"primaryImageOfPage\":{\"@id\":\"https:\/\/makerspace-rheinfelden.ch\/blog\/2014\/07\/photobooth-2-0\/#primaryimage\"},\"datePublished\":\"2014-07-27T11:33:37+00:00\",\"dateModified\":\"2014-07-27T11:33:37+00:00\",\"author\":{\"@id\":\"https:\/\/makerspace-rheinfelden.ch\/blog\/#\/schema\/person\/991f32756f69f0f03158c865818d6603\"},\"breadcrumb\":{\"@id\":\"https:\/\/makerspace-rheinfelden.ch\/blog\/2014\/07\/photobooth-2-0\/#breadcrumb\"},\"inLanguage\":\"de\",\"potentialAction\":[{\"@type\":\"ReadAction\",\"target\":[\"https:\/\/makerspace-rheinfelden.ch\/blog\/2014\/07\/photobooth-2-0\/\"]}]},{\"@type\":\"BreadcrumbList\",\"@id\":\"https:\/\/makerspace-rheinfelden.ch\/blog\/2014\/07\/photobooth-2-0\/#breadcrumb\",\"itemListElement\":[{\"@type\":\"ListItem\",\"position\":1,\"name\":\"Startseite\",\"item\":\"https:\/\/makerspace-rheinfelden.ch\/blog\/\"},{\"@type\":\"ListItem\",\"position\":2,\"name\":\"Photobooth 2.0\"}]},{\"@type\":\"Person\",\"@id\":\"https:\/\/makerspace-rheinfelden.ch\/blog\/#\/schema\/person\/991f32756f69f0f03158c865818d6603\",\"name\":\"Claus Pfisterer\",\"image\":{\"@type\":\"ImageObject\",\"@id\":\"https:\/\/makerspace-rheinfelden.ch\/blog\/#personlogo\",\"inLanguage\":\"de\",\"url\":\"https:\/\/makerspace-rheinfelden.ch\/blog\/wp-content\/uploads\/2015\/08\/Claus_sw-120x120.jpg\",\"contentUrl\":\"https:\/\/makerspace-rheinfelden.ch\/blog\/wp-content\/uploads\/2015\/08\/Claus_sw-120x120.jpg\",\"caption\":\"Claus Pfisterer\"},\"sameAs\":[\"http:\/\/www.apochroma.ch\"],\"url\":\"https:\/\/makerspace-rheinfelden.ch\/blog\/author\/cdp\/\"}]}<\/script>\n<!-- \/ Yoast SEO plugin. -->","yoast_head_json":{"robots":{"index":"noindex","follow":"follow","max-snippet":"max-snippet:-1","max-image-preview":"max-image-preview:large","max-video-preview":"max-video-preview:-1"},"og_locale":"de_DE","og_type":"article","og_title":"Photobooth 2.0 - Makerspace FabLab Rheinfelden","og_description":"&nbsp; Jetzt ist es knapp ein Jahr her,\u00a0wurde\u00a0das\u00a0Projekt Photobooth\u00a0von den SponsorInnen und Sponsoren mit einem feierlichen Ap\u00e9ro und Musik eingeweiht. Seither war die aus Wabenkarton gebaute Photobooth noch einige Male an Design- und anderen Publikums-Messen\u00a0unterwegs. Mir schwebt seit jeher eine\u00a0Weiterentwicklung dieser Photobooth vor. Die Schwester sollte kleiner, stabiler und einkleidbar werden. Mit der Absicht,\u00a0die neue... Weiterlesen \u2192","og_url":"https:\/\/makerspace-rheinfelden.ch\/blog\/2014\/07\/photobooth-2-0\/","og_site_name":"Makerspace FabLab Rheinfelden","article_published_time":"2014-07-27T11:33:37+00:00","twitter_card":"summary","twitter_misc":{"Verfasst von":"Claus Pfisterer","Gesch\u00e4tzte Lesezeit":"2\u00a0Minuten"},"schema":{"@context":"https:\/\/schema.org","@graph":[{"@type":"WebSite","@id":"https:\/\/makerspace-rheinfelden.ch\/blog\/#website","url":"https:\/\/makerspace-rheinfelden.ch\/blog\/","name":"Makerspace FabLab Rheinfelden","description":"Webseite des Vereins Makerspace Fablab Rheinfelden","potentialAction":[{"@type":"SearchAction","target":{"@type":"EntryPoint","urlTemplate":"https:\/\/makerspace-rheinfelden.ch\/blog\/?s={search_term_string}"},"query-input":"required name=search_term_string"}],"inLanguage":"de"},{"@type":"ImageObject","@id":"https:\/\/makerspace-rheinfelden.ch\/blog\/2014\/07\/photobooth-2-0\/#primaryimage","inLanguage":"de","url":"","contentUrl":""},{"@type":"WebPage","@id":"https:\/\/makerspace-rheinfelden.ch\/blog\/2014\/07\/photobooth-2-0\/#webpage","url":"https:\/\/makerspace-rheinfelden.ch\/blog\/2014\/07\/photobooth-2-0\/","name":"Photobooth 2.0 - Makerspace FabLab Rheinfelden","isPartOf":{"@id":"https:\/\/makerspace-rheinfelden.ch\/blog\/#website"},"primaryImageOfPage":{"@id":"https:\/\/makerspace-rheinfelden.ch\/blog\/2014\/07\/photobooth-2-0\/#primaryimage"},"datePublished":"2014-07-27T11:33:37+00:00","dateModified":"2014-07-27T11:33:37+00:00","author":{"@id":"https:\/\/makerspace-rheinfelden.ch\/blog\/#\/schema\/person\/991f32756f69f0f03158c865818d6603"},"breadcrumb":{"@id":"https:\/\/makerspace-rheinfelden.ch\/blog\/2014\/07\/photobooth-2-0\/#breadcrumb"},"inLanguage":"de","potentialAction":[{"@type":"ReadAction","target":["https:\/\/makerspace-rheinfelden.ch\/blog\/2014\/07\/photobooth-2-0\/"]}]},{"@type":"BreadcrumbList","@id":"https:\/\/makerspace-rheinfelden.ch\/blog\/2014\/07\/photobooth-2-0\/#breadcrumb","itemListElement":[{"@type":"ListItem","position":1,"name":"Startseite","item":"https:\/\/makerspace-rheinfelden.ch\/blog\/"},{"@type":"ListItem","position":2,"name":"Photobooth 2.0"}]},{"@type":"Person","@id":"https:\/\/makerspace-rheinfelden.ch\/blog\/#\/schema\/person\/991f32756f69f0f03158c865818d6603","name":"Claus Pfisterer","image":{"@type":"ImageObject","@id":"https:\/\/makerspace-rheinfelden.ch\/blog\/#personlogo","inLanguage":"de","url":"https:\/\/makerspace-rheinfelden.ch\/blog\/wp-content\/uploads\/2015\/08\/Claus_sw-120x120.jpg","contentUrl":"https:\/\/makerspace-rheinfelden.ch\/blog\/wp-content\/uploads\/2015\/08\/Claus_sw-120x120.jpg","caption":"Claus Pfisterer"},"sameAs":["http:\/\/www.apochroma.ch"],"url":"https:\/\/makerspace-rheinfelden.ch\/blog\/author\/cdp\/"}]}},"_links":{"self":[{"href":"https:\/\/makerspace-rheinfelden.ch\/blog\/wp-json\/wp\/v2\/posts\/127"}],"collection":[{"href":"https:\/\/makerspace-rheinfelden.ch\/blog\/wp-json\/wp\/v2\/posts"}],"about":[{"href":"https:\/\/makerspace-rheinfelden.ch\/blog\/wp-json\/wp\/v2\/types\/post"}],"author":[{"embeddable":true,"href":"https:\/\/makerspace-rheinfelden.ch\/blog\/wp-json\/wp\/v2\/users\/3"}],"replies":[{"embeddable":true,"href":"https:\/\/makerspace-rheinfelden.ch\/blog\/wp-json\/wp\/v2\/comments?post=127"}],"version-history":[{"count":0,"href":"https:\/\/makerspace-rheinfelden.ch\/blog\/wp-json\/wp\/v2\/posts\/127\/revisions"}],"wp:featuredmedia":[{"embeddable":true,"href":"https:\/\/makerspace-rheinfelden.ch\/blog\/wp-json\/wp\/v2\/media\/129"}],"wp:attachment":[{"href":"https:\/\/makerspace-rheinfelden.ch\/blog\/wp-json\/wp\/v2\/media?parent=127"}],"wp:term":[{"taxonomy":"category","embeddable":true,"href":"https:\/\/makerspace-rheinfelden.ch\/blog\/wp-json\/wp\/v2\/categories?post=127"},{"taxonomy":"post_tag","embeddable":true,"href":"https:\/\/makerspace-rheinfelden.ch\/blog\/wp-json\/wp\/v2\/tags?post=127"}],"curies":[{"name":"wp","href":"https:\/\/api.w.org\/{rel}","templated":true}]}}